{"id":28234,"date":"2023-02-28T11:39:46","date_gmt":"2023-02-28T09:39:46","guid":{"rendered":"https:\/\/uusi.protu.fi\/?p=28234"},"modified":"2023-02-28T11:39:47","modified_gmt":"2023-02-28T09:39:47","slug":"anmalan-till-sommarens-protulager-oppnar-7-3","status":"publish","type":"post","link":"https:\/\/www.protu.fi\/sv\/anmalan-till-sommarens-protulager-oppnar-7-3\/","title":{"rendered":"Anm\u00e4lan till sommarens protul\u00e4ger \u00f6ppnar 7.3"},"content":{"rendered":"\n<p>Anm\u00e4lan till sommarens protul\u00e4ger \u00f6ppnar f\u00f6rst tisdagen 7.3.2023 kl. 10.00. Under sommaren 2023 ordnas tre svenskspr\u00e5kiga l\u00e4ger: 4.\u201311.6 i Halslax i Sagu samt 25.6\u20132.7 och 23.\u201330.7 i Noux i Esbo.<\/p>\n\n\n\n<p>L\u00e4geranm\u00e4lan kan g\u00f6ras antingen av deltagaren sj\u00e4lv eller av deltagarens v\u00e5rdnadshavare. V\u00e5rdnadshavaren kan anm\u00e4la flera ungdomar till l\u00e4gren. N\u00e4r du registrerar dig f\u00f6r l\u00e4gret beh\u00f6ver du inte ha ett anv\u00e4ndarkonto skapat i f\u00f6rv\u00e4g, men ett anv\u00e4ndarnamn skapas n\u00e4r du registrerar dig f\u00f6r l\u00e4gret. F\u00f6r inskrivna under 18 \u00e5r skapas konton f\u00f6r b\u00e5de deltagaren och v\u00e5rdnadshavaren. Men om du vill kan du skapa ett konto i f\u00f6rv\u00e4g. Vid registrering av anv\u00e4ndarkonto uppger personer under 18 \u00e5r v\u00e5rdnadshavarens kontaktuppgifter, varvid ett separat anv\u00e4ndarkonto skapas \u00e4ven f\u00f6r v\u00e5rdnadshavaren.<\/p>\n","protected":false},"excerpt":{"rendered":"<p>Anm\u00e4lan till sommarens protul\u00e4ger \u00f6ppnar f\u00f6rst tisdagen 7.3.2023 kl. 10.00. Under sommaren 2023 ordnas tre svenskspr\u00e5kiga l\u00e4ger: 4.\u201311.6 i Halslax i Sagu samt 25.6\u20132.7 och 23.\u201330.7 i Noux i Esbo. L\u00e4geranm\u00e4lan kan g\u00f6ras antingen av deltagaren sj\u00e4lv eller av deltagarens v\u00e5rdnadshavare. V\u00e5rdnadshavaren kan anm\u00e4la flera ungdomar till l\u00e4gren. N\u00e4r du registrerar dig f\u00f6r l\u00e4gret beh\u00f6ver [&hellip;]<\/p>\n","protected":false},"author":89,"featured_media":27849,"comment_status":"open","ping_status":"open","sticky":false,"template":"","format":"standard","meta":{"_acf_changed":false,"inline_featured_image":false,"footnotes":""},"categories":[3],"tags":[],"class_list":["post-28234","post","type-post","status-publish","format-standard","has-post-thumbnail","hentry","category-okategoriserad"],"acf":[],"_links":{"self":[{"href":"https:\/\/www.protu.fi\/sv\/wp-json\/wp\/v2\/posts\/28234","targetHints":{"allow":["GET"]}}],"collection":[{"href":"https:\/\/www.protu.fi\/sv\/wp-json\/wp\/v2\/posts"}],"about":[{"href":"https:\/\/www.protu.fi\/sv\/wp-json\/wp\/v2\/types\/post"}],"author":[{"embeddable":true,"href":"https:\/\/www.protu.fi\/sv\/wp-json\/wp\/v2\/users\/89"}],"replies":[{"embeddable":true,"href":"https:\/\/www.protu.fi\/sv\/wp-json\/wp\/v2\/comments?post=28234"}],"version-history":[{"count":1,"href":"https:\/\/www.protu.fi\/sv\/wp-json\/wp\/v2\/posts\/28234\/revisions"}],"predecessor-version":[{"id":28235,"href":"https:\/\/www.protu.fi\/sv\/wp-json\/wp\/v2\/posts\/28234\/revisions\/28235"}],"wp:featuredmedia":[{"embeddable":true,"href":"https:\/\/www.protu.fi\/sv\/wp-json\/wp\/v2\/media\/27849"}],"wp:attachment":[{"href":"https:\/\/www.protu.fi\/sv\/wp-json\/wp\/v2\/media?parent=28234"}],"wp:term":[{"taxonomy":"category","embeddable":true,"href":"https:\/\/www.protu.fi\/sv\/wp-json\/wp\/v2\/categories?post=28234"},{"taxonomy":"post_tag","embeddable":true,"href":"https:\/\/www.protu.fi\/sv\/wp-json\/wp\/v2\/tags?post=28234"}],"curies":[{"name":"wp","href":"https:\/\/api.w.org\/{rel}","templated":true}]}}