{"id":34862,"date":"2023-04-17T14:15:23","date_gmt":"2023-04-17T11:15:23","guid":{"rendered":"https:\/\/www.protu.fi\/?p=34862"},"modified":"2023-04-17T14:21:37","modified_gmt":"2023-04-17T11:21:37","slug":"styrelseval-pa-protus-extra-generalforsamling-29-4-2023","status":"publish","type":"post","link":"https:\/\/www.protu.fi\/sv\/styrelseval-pa-protus-extra-generalforsamling-29-4-2023\/","title":{"rendered":"Styrelseval p\u00e5 Protus extra generalf\u00f6rsamling 29.4.2023"},"content":{"rendered":"\n<p>Protus extra generalf\u00f6rsamling kommer att avs\u00e4tta f\u00f6reningens nuvarande styrelse och v\u00e4lja en ny styrelse.<\/p>\n\n\n\n<p>Protus styrelse har kommit fram till att den inte kan agera i f\u00f6reningens b\u00e4sta intresse i sin nuvarande form. Enligt 35 \u00a7 1 mom. i f\u00f6reningslagen (503\/1989) (678\/2010) ska styrelsen i enlighet med lagen, stadgarna och f\u00f6reningens beslut sk\u00f6ta f\u00f6reningens angel\u00e4genheter omsorgsfullt. Styrelsen bad Protu v\u00e5rm\u00f6te den 15\u201316 april att bed\u00f6ma om styrelsen \u00e5tnjuter f\u00f6reningsf\u00f6rsamlingens f\u00f6rtroende. V\u00e5rm\u00f6tet beslutade att styrelsen inte \u00e5tnjuter dess f\u00f6rtroende.<\/p>\n\n\n\n<p>Vid den extraordin\u00e4ra generalf\u00f6rsamlingen den 29 april kommer val av styrelse att h\u00e5llas. Protu s\u00f6ker en ordf\u00f6rande och 8\u201310 styrelsemedlemmar f\u00f6r den \u00e5terst\u00e5ende tiden av mandatperioderna 2022\u20132023 och 2023\u20132024. Det slutliga antalet medlemmar som ska v\u00e4ljas fastst\u00e4lls p\u00e5 generalf\u00f6rsamlingen.<\/p>\n\n\n\n<p>Vem som helst som \u00e4r medlem i Prometheus-l\u00e4grets st\u00f6d rf och har fyllt 15 \u00e5r kan st\u00e4lla upp. Erfarenhet inom Protus verksamhet \u00e4r s\u00e5 klart en f\u00f6rdel i styrelsearbetet, men det \u00e4r trots det inte en f\u00f6ruts\u00e4ttning f\u00f6r att s\u00f6ka med. Vi v\u00e4lkomnar s\u00f6kande fr\u00e5n olika bakgrunder. Kom \u00e4nd\u00e5 g\u00e4rna och r\u00f6sta, \u00e4ven om du inte sj\u00e4lv vill st\u00e4lla upp f\u00f6r val. (En medlem kan ber\u00e4ttiga en annan medlem till att representera sig sj\u00e4lv p\u00e5 m\u00f6tet med hj\u00e4lp av en fullmakt.)<\/p>\n\n\n\n<p>Prometheus-l\u00e4grets st\u00f6d rf:s extra generalf\u00f6rsamling h\u00e5lls den 29.4.2023 i Helsingfors, i Protus kontor (L\u00f6nebost\u00e4llstorget, kontor 7). Det \u00e4r \u00e4ven m\u00f6jligt att delta p\u00e5 m\u00f6tet p\u00e5 distans via Zoom.<\/p>\n\n\n\n<p>Till\u00e4gsinformation f\u00f6r medlemmar: <a href=\"https:\/\/www.protu.fi\/yleiskokous29042023\/\">https:\/\/www.protu.fi\/yleiskokous29042023\/<\/a><\/p>\n\n\n\n<p>Om du vill st\u00e4lla upp i styrelsevalet anm\u00e4la dig till adressen: <a href=\"mailto:vaalit@protu.fi\">vaalit@protu.fi<\/a><\/p>\n","protected":false},"excerpt":{"rendered":"<p>Protus extra generalf\u00f6rsamling kommer att avs\u00e4tta f\u00f6reningens nuvarande styrelse och v\u00e4lja en ny styrelse. Protus styrelse har kommit fram till att den inte kan agera i f\u00f6reningens b\u00e4sta intresse i sin nuvarande form. Enligt 35 \u00a7 1 mom. i f\u00f6reningslagen (503\/1989) (678\/2010) ska styrelsen i enlighet med lagen, stadgarna och f\u00f6reningens beslut sk\u00f6ta f\u00f6reningens angel\u00e4genheter [&hellip;]<\/p>\n","protected":false},"author":89,"featured_media":21572,"comment_status":"closed","ping_status":"closed","sticky":false,"template":"","format":"standard","meta":{"_acf_changed":false,"inline_featured_image":false,"footnotes":""},"categories":[3],"tags":[],"class_list":["post-34862","post","type-post","status-publish","format-standard","has-post-thumbnail","hentry","category-okategoriserad"],"acf":[],"_links":{"self":[{"href":"https:\/\/www.protu.fi\/sv\/wp-json\/wp\/v2\/posts\/34862","targetHints":{"allow":["GET"]}}],"collection":[{"href":"https:\/\/www.protu.fi\/sv\/wp-json\/wp\/v2\/posts"}],"about":[{"href":"https:\/\/www.protu.fi\/sv\/wp-json\/wp\/v2\/types\/post"}],"author":[{"embeddable":true,"href":"https:\/\/www.protu.fi\/sv\/wp-json\/wp\/v2\/users\/89"}],"replies":[{"embeddable":true,"href":"https:\/\/www.protu.fi\/sv\/wp-json\/wp\/v2\/comments?post=34862"}],"version-history":[{"count":1,"href":"https:\/\/www.protu.fi\/sv\/wp-json\/wp\/v2\/posts\/34862\/revisions"}],"predecessor-version":[{"id":34878,"href":"https:\/\/www.protu.fi\/sv\/wp-json\/wp\/v2\/posts\/34862\/revisions\/34878"}],"wp:featuredmedia":[{"embeddable":true,"href":"https:\/\/www.protu.fi\/sv\/wp-json\/wp\/v2\/media\/21572"}],"wp:attachment":[{"href":"https:\/\/www.protu.fi\/sv\/wp-json\/wp\/v2\/media?parent=34862"}],"wp:term":[{"taxonomy":"category","embeddable":true,"href":"https:\/\/www.protu.fi\/sv\/wp-json\/wp\/v2\/categories?post=34862"},{"taxonomy":"post_tag","embeddable":true,"href":"https:\/\/www.protu.fi\/sv\/wp-json\/wp\/v2\/tags?post=34862"}],"curies":[{"name":"wp","href":"https:\/\/api.w.org\/{rel}","templated":true}]}}