{"id":54721,"date":"2023-12-22T10:36:10","date_gmt":"2023-12-22T08:36:10","guid":{"rendered":"https:\/\/www.protu.fi\/?p=54721"},"modified":"2023-12-22T10:37:38","modified_gmt":"2023-12-22T08:37:38","slug":"sommarlagren-for-2024-har-publicerats-utlottningen-av-lagren-ar-oppen-fran-9-31-januari","status":"publish","type":"post","link":"https:\/\/www.protu.fi\/sv\/sommarlagren-for-2024-har-publicerats-utlottningen-av-lagren-ar-oppen-fran-9-31-januari\/","title":{"rendered":"Sommarl\u00e4gren f\u00f6r 2024 har publicerats &#8211; utlottningen av l\u00e4gren \u00e4r \u00f6ppen fr\u00e5n 9-31 januari"},"content":{"rendered":"\n<p>Protul\u00e4gren inf\u00f6r sommaren 2024 har nu publicerats p\u00e5 Protus webbplats. Det kommer att h\u00e5llas 60 ungdomsl\u00e4ger f\u00f6r 14-16-\u00e5ringar, inklusive 46 vanliga finskspr\u00e5kiga l\u00e4ger och 9 finskspr\u00e5kiga temal\u00e4ger, 3 svenskspr\u00e5kiga vanliga l\u00e4ger och 2 engelskspr\u00e5kiga internationella l\u00e4ger.<\/p>\n\n\n\n<p>Svenskspr\u00e5kiga ungdomsl\u00e4ger ordnas den 2.\u20139.6. i Halslax (i Sagu) samt den 23.\u201330.6. och den 21.\u201328.7. i Noux (i Esbo): https:\/\/www.protu.fi\/sv\/svensksprakiga-ungdomslager\/<\/p>\n\n\n\n<p>F\u00f6r att se alla sommarens ungdomsl\u00e4ger, v\u00e4nligen bes\u00f6k l\u00e4gers\u00f6kningen: https:\/\/www.protu.fi\/sv\/delta-pa-prometheus-lager\/ungdomslager\/<\/p>\n\n\n\n<p>Dessutom kommer det att finnas 2 finskspr\u00e5kiga sennul\u00e4ger f\u00f6r 17-21-\u00e5ringar och 1 finskspr\u00e5kigt vuxenl\u00e4ger f\u00f6r \u00f6ver 20-\u00e5ringar.<\/p>\n\n\n\n<p>Beskrivningen av varje l\u00e4ger inneh\u00e5ller kontaktuppgifter till l\u00e4gerplatsen, information om toalett- och boendefaciliteter samt tillg\u00e4nglighet.<\/p>\n\n\n\n<p>P\u00e5 grund av den stora efterfr\u00e5gan p\u00e5 protul\u00e4ger lottas platserna till ungdomsl\u00e4ger och sommarl\u00e4ger ut. Lottningen inleds tisdagen den 9 januari kl. 11.00 och avslutas onsdagen den 31 januari. Alla deltagare i lottningen under denna period kommer att behandlas likv\u00e4rdigt.<\/p>\n\n\n\n<p>L\u00e4gerplatserna lottas ut bland deltagarna och resultatet meddelas tisdagen den 13.2. Alla deltagare informeras om resultatet av lottningen via e-post.<\/p>\n\n\n\n<p>Det kommer inte att finnas n\u00e5gon v\u00e4ntelista f\u00f6r ungdomsl\u00e4ger och sennul\u00e4ger. Annulleringsplatser lottas ut p\u00e5 en separat ans\u00f6kningsblankett, som \u00f6ppnas efter sj\u00e4lva lottningen i februari.<\/p>\n\n\n\n<p>Information om hur du deltar i utlottningen:<\/p>\n\n\n\n<ul class=\"wp-block-list\">\n<li>F\u00f6r att delta i utlottningen, anv\u00e4nd formul\u00e4ret p\u00e5 Protus webbplats. F\u00f6r att fylla i formul\u00e4ret m\u00e5ste du ha skapat ett anv\u00e4ndarkonto i f\u00f6rv\u00e4g. Kontot kan skapas av antingen v\u00e5rdnadshavaren eller ungdomen. Anv\u00e4ndarkontot skapas alltid med anv\u00e4ndarens egna uppgifter. Om anv\u00e4ndaren \u00e4r under 18 \u00e5r gammal fr\u00e5gar formul\u00e4ret ocks\u00e5 efter v\u00e5rdnadshavarens kontaktuppgifter, i vilket fall ett anv\u00e4ndarkonto skapas f\u00f6r v\u00e5rdnadshavaren (eller, om v\u00e5rdnadshavarens konto redan finns via den e-post som l\u00e4mnats till v\u00e5rdnadshavaren, kommer en l\u00e4nk att uppr\u00e4ttas mellan ungdomens konto och v\u00e5rdnadshavarens konto). B\u00e5de deltagaren och v\u00e5rdnadshavaren m\u00e5ste ha en egen separat e-postadress som anv\u00e4ndarnamn.<\/li>\n<\/ul>\n\n\n\n<ul class=\"wp-block-list\">\n<li>Blanketten finns p\u00e5 svenska, finska och engelska.<\/li>\n<\/ul>\n\n\n\n<ul class=\"wp-block-list\">\n<li>Samma ungdom kan endast ans\u00f6ka till l\u00e4gret med en ans\u00f6kan (antingen av v\u00e5rdnadshavaren till en ungdom under 18 \u00e5r eller av l\u00e4gerdeltagaren). Om mer \u00e4n en ans\u00f6kan fylls i f\u00f6r samma ungdom kan alla ans\u00f6kningar komma att avsl\u00e5s.<br><\/li>\n\n\n\n<li>Ungdomar som deltar i utlottningen m\u00e5ste i f\u00f6rv\u00e4g bekanta sig med och godk\u00e4nna Protus tryggare milj\u00f6 -principer, l\u00e4gerpolicyerna och reglerna. Detta inkluderar att godk\u00e4nna villkoren f\u00f6r hems\u00e4ndning. P\u00e5 l\u00e4gret ansvarar l\u00e4gerteamet f\u00f6r att se till att reglerna f\u00f6ljs.<\/li>\n<\/ul>\n\n\n\n<ul class=\"wp-block-list\">\n<li>Formul\u00e4ret anv\u00e4nds f\u00f6r att v\u00e4lja de l\u00e4ger som den unga personen vill vara med i utlottningen f\u00f6r. Deltagaren f\u00e5r sj\u00e4lv v\u00e4lja om han\/hon\/hen vill vara med i utlottningen f\u00f6r alla l\u00e4ger eller v\u00e4lja l\u00e4ger efter t.ex. utrustning, tillg\u00e4nglighet, datum, plats eller omr\u00e5de.<\/li>\n<\/ul>\n\n\n\n<ul class=\"wp-block-list\">\n<li>I formul\u00e4ret kan du prioritera svenskspr\u00e5kiga l\u00e4ger, temal\u00e4ger, och engelskspr\u00e5kiga internationella l\u00e4ger. Det \u00e4r ocks\u00e5 m\u00f6jligt att prioritera l\u00e4gerplatser. Att prioritera l\u00e4ger minskar inte chanserna att f\u00e5 en plats p\u00e5 andra l\u00e4ger (dvs. att prioritera t.ex. ett temal\u00e4ger minskar inte chanserna att f\u00e5 en plats p\u00e5 ett vanligt ungdomsl\u00e4ger).<\/li>\n<\/ul>\n\n\n\n<ul class=\"wp-block-list\">\n<li>I formul\u00e4ret kan du ange om det finns behov av en s\u00e4rskild assistent p\u00e5 l\u00e4gret.<\/li>\n<\/ul>\n\n\n\n<ul class=\"wp-block-list\">\n<li>Om det finns tv\u00e5 syskon (t.ex. tvillingar) i en familj som vill \u00e5ka p\u00e5 samma typ av l\u00e4ger (ungdomsl\u00e4ger eller sommarl\u00e4ger) och bara vill f\u00e5 en plats om de b\u00e5da \u00e5ker p\u00e5 l\u00e4gret, m\u00e5ste de fylla i en blankett tillsammans. I detta fall kan b\u00e5da anv\u00e4nda samma blankett f\u00f6r att vinna en plats tillsammans, antingen p\u00e5 samma l\u00e4ger eller p\u00e5 en annan plats eller tid, beroende p\u00e5 deklarationen. I detta fall kommer inga separata formul\u00e4r f\u00f6r syskonen att fyllas i f\u00f6r lottningen. Om b\u00e5da kan f\u00e5 en l\u00e4gerplats utan att den andra f\u00e5r en l\u00e4gerplats, kan de delta i utlottningen p\u00e5 separata blanketter. I detta fall lottas de inte tillsammans utan separat (dvs. det ena syskonets vinst p\u00e5verkar inte det andra syskonets lottningsresultat).<\/li>\n<\/ul>\n\n\n\n<ul class=\"wp-block-list\">\n<li>P\u00e5 grund av det stora antalet s\u00f6kande \u00e4r det tyv\u00e4rr inte m\u00f6jligt att hoppas p\u00e5 att f\u00e5 \u00e5ka till samma l\u00e4ger som en v\u00e4n, och d\u00e4rf\u00f6r finns det inget v\u00e4nskapsalternativ p\u00e5 blanketten.<\/li>\n<\/ul>\n\n\n\n<ul class=\"wp-block-list\">\n<li>En l\u00e4gerplats som vunnits i utlottningen kan avbokas, men kan inte bytas mot en annan l\u00e4gerplats.<\/li>\n<\/ul>\n\n\n\n<ul class=\"wp-block-list\">\n<li>L\u00e4geravgiften betalas f\u00f6rst efter lottningen n\u00e4r du anm\u00e4ler dig till l\u00e4gret (efter att du har informerats av Protus kansli om att du har tilldelats en l\u00e4gerplats). L\u00e4geravgiften kan betalas med betalkort, kreditkort eller faktura. De som \u00e4r ekonomiskt missgynnade har r\u00e4tt till en rabatt p\u00e5 l\u00e4geravgiften p\u00e5 90 euro. Detta kan v\u00e4ljas n\u00e4r du anm\u00e4ler dig till l\u00e4gret. Familjer som befinner sig i en s\u00e4rskilt utsatt ekonomisk situation kan ans\u00f6ka om en s\u00e4rskild rabatt.<\/li>\n<\/ul>\n","protected":false},"excerpt":{"rendered":"<p>Protul\u00e4gren inf\u00f6r sommaren 2024 har nu publicerats p\u00e5 Protus webbplats. Det kommer att h\u00e5llas 60 ungdomsl\u00e4ger f\u00f6r 14-16-\u00e5ringar, inklusive 46 vanliga finskspr\u00e5kiga l\u00e4ger och 9 finskspr\u00e5kiga temal\u00e4ger, 3 svenskspr\u00e5kiga vanliga l\u00e4ger och 2 engelskspr\u00e5kiga internationella l\u00e4ger. Svenskspr\u00e5kiga ungdomsl\u00e4ger ordnas den 2.\u20139.6. i Halslax (i Sagu) samt den 23.\u201330.6. och den 21.\u201328.7. i Noux (i Esbo): [&hellip;]<\/p>\n","protected":false},"author":89,"featured_media":1284,"comment_status":"closed","ping_status":"closed","sticky":false,"template":"","format":"standard","meta":{"_acf_changed":false,"inline_featured_image":false,"footnotes":""},"categories":[3,42],"tags":[],"class_list":["post-54721","post","type-post","status-publish","format-standard","has-post-thumbnail","hentry","category-okategoriserad","category-tiedotteet"],"acf":[],"_links":{"self":[{"href":"https:\/\/www.protu.fi\/sv\/wp-json\/wp\/v2\/posts\/54721","targetHints":{"allow":["GET"]}}],"collection":[{"href":"https:\/\/www.protu.fi\/sv\/wp-json\/wp\/v2\/posts"}],"about":[{"href":"https:\/\/www.protu.fi\/sv\/wp-json\/wp\/v2\/types\/post"}],"author":[{"embeddable":true,"href":"https:\/\/www.protu.fi\/sv\/wp-json\/wp\/v2\/users\/89"}],"replies":[{"embeddable":true,"href":"https:\/\/www.protu.fi\/sv\/wp-json\/wp\/v2\/comments?post=54721"}],"version-history":[{"count":1,"href":"https:\/\/www.protu.fi\/sv\/wp-json\/wp\/v2\/posts\/54721\/revisions"}],"predecessor-version":[{"id":54740,"href":"https:\/\/www.protu.fi\/sv\/wp-json\/wp\/v2\/posts\/54721\/revisions\/54740"}],"wp:featuredmedia":[{"embeddable":true,"href":"https:\/\/www.protu.fi\/sv\/wp-json\/wp\/v2\/media\/1284"}],"wp:attachment":[{"href":"https:\/\/www.protu.fi\/sv\/wp-json\/wp\/v2\/media?parent=54721"}],"wp:term":[{"taxonomy":"category","embeddable":true,"href":"https:\/\/www.protu.fi\/sv\/wp-json\/wp\/v2\/categories?post=54721"},{"taxonomy":"post_tag","embeddable":true,"href":"https:\/\/www.protu.fi\/sv\/wp-json\/wp\/v2\/tags?post=54721"}],"curies":[{"name":"wp","href":"https:\/\/api.w.org\/{rel}","templated":true}]}}