{"id":59418,"date":"2024-02-08T16:01:32","date_gmt":"2024-02-08T14:01:32","guid":{"rendered":"https:\/\/www.protu.fi\/?p=59418"},"modified":"2024-02-27T17:30:39","modified_gmt":"2024-02-27T15:30:39","slug":"platserna-for-protulagren-ar-lottade-efterfoljande-lotteriet-oppnar-tisdagen-den-12-mars","status":"publish","type":"post","link":"https:\/\/www.protu.fi\/sv\/platserna-for-protulagren-ar-lottade-efterfoljande-lotteriet-oppnar-tisdagen-den-12-mars\/","title":{"rendered":"Platserna f\u00f6r protul\u00e4gren \u00e4r lottade &#8211; Efterf\u00f6ljande lotteriet \u00f6ppnar tisdagen den 12 mars"},"content":{"rendered":"\n<p><em>Tyv\u00e4rr, p\u00e5 grund av tekniska problem, f\u00f6rsenas \u00f6ppningen av efterf\u00f6ljande lotteriet (l\u00f6pande utlottning f\u00f6r outtagna och inst\u00e4llda l\u00e4gerplatser). Ny tid f\u00f6r \u00f6ppning av lotteriet \u00e4r tisdagen den 12 mars. klockan 11:00.<\/em><\/p>\n\n\n\n<p>Platserna f\u00f6r protul\u00e4gren inf\u00f6r sommaren 2024 \u00e4r lottade. Alla som deltagit i lotteriet har f\u00e5tt besked via e-post om de har f\u00e5tt en plats i lotteriet. Lotteriet f\u00f6r sommarens ungdomsl\u00e4ger och sennul\u00e4ger var \u00f6ppet p\u00e5 Protus webbsida 9-31 januari (l\u00e4s <a href=\"https:\/\/www.protu.fi\/sv\/deltagande-i-utlottningen-av-protulagren-infor-sommaren-2024-ar-oppet-delta-senast-den-31-1\/\">mer<\/a>).<\/p>\n\n\n\n<p>De som f\u00e5tt en l\u00e4gerplats i lotteriet har blivit ombedda att anm\u00e4la sig senast torsdagen den 29 februari. Om n\u00e5gon inte anm\u00e4lar sig inom tidsfristen kommer platsen att bli ledig.<\/p>\n\n\n\n<p>Det \u00e4r ingen k\u00f6 till l\u00e4gren utan lediga platser fylls av ett efterf\u00f6ljande lotteri. Efterf\u00f6ljande lotteriet \u00f6ppnar f\u00f6r ifyllning p\u00e5 Protus webbsida tisdagen den 12 mars. kl 11.00 Platser kommer att lottas ut bland de som fyllt i formul\u00e4ret efter utlottningen, allt eftersom de blir tillg\u00e4ngliga i l\u00e4gren.<\/p>\n\n\n\n<p><em>(Redigerat 27.2.: lagt till information om f\u00f6rseningen och den nya tiden)<\/em><\/p>\n","protected":false},"excerpt":{"rendered":"<p>Tyv\u00e4rr, p\u00e5 grund av tekniska problem, f\u00f6rsenas \u00f6ppningen av efterf\u00f6ljande lotteriet (l\u00f6pande utlottning f\u00f6r outtagna och inst\u00e4llda l\u00e4gerplatser). Ny tid f\u00f6r \u00f6ppning av lotteriet \u00e4r tisdagen den 12 mars. klockan 11:00. Platserna f\u00f6r protul\u00e4gren inf\u00f6r sommaren 2024 \u00e4r lottade. Alla som deltagit i lotteriet har f\u00e5tt besked via e-post om de har f\u00e5tt en plats [&hellip;]<\/p>\n","protected":false},"author":89,"featured_media":27849,"comment_status":"closed","ping_status":"closed","sticky":false,"template":"","format":"standard","meta":{"_acf_changed":false,"inline_featured_image":false,"footnotes":""},"categories":[409],"tags":[],"class_list":["post-59418","post","type-post","status-publish","format-standard","has-post-thumbnail","hentry","category-nyheter"],"acf":[],"_links":{"self":[{"href":"https:\/\/www.protu.fi\/sv\/wp-json\/wp\/v2\/posts\/59418","targetHints":{"allow":["GET"]}}],"collection":[{"href":"https:\/\/www.protu.fi\/sv\/wp-json\/wp\/v2\/posts"}],"about":[{"href":"https:\/\/www.protu.fi\/sv\/wp-json\/wp\/v2\/types\/post"}],"author":[{"embeddable":true,"href":"https:\/\/www.protu.fi\/sv\/wp-json\/wp\/v2\/users\/89"}],"replies":[{"embeddable":true,"href":"https:\/\/www.protu.fi\/sv\/wp-json\/wp\/v2\/comments?post=59418"}],"version-history":[{"count":3,"href":"https:\/\/www.protu.fi\/sv\/wp-json\/wp\/v2\/posts\/59418\/revisions"}],"predecessor-version":[{"id":61934,"href":"https:\/\/www.protu.fi\/sv\/wp-json\/wp\/v2\/posts\/59418\/revisions\/61934"}],"wp:featuredmedia":[{"embeddable":true,"href":"https:\/\/www.protu.fi\/sv\/wp-json\/wp\/v2\/media\/27849"}],"wp:attachment":[{"href":"https:\/\/www.protu.fi\/sv\/wp-json\/wp\/v2\/media?parent=59418"}],"wp:term":[{"taxonomy":"category","embeddable":true,"href":"https:\/\/www.protu.fi\/sv\/wp-json\/wp\/v2\/categories?post=59418"},{"taxonomy":"post_tag","embeddable":true,"href":"https:\/\/www.protu.fi\/sv\/wp-json\/wp\/v2\/tags?post=59418"}],"curies":[{"name":"wp","href":"https:\/\/api.w.org\/{rel}","templated":true}]}}