{"id":64176,"date":"2024-03-26T17:25:43","date_gmt":"2024-03-26T15:25:43","guid":{"rendered":"https:\/\/www.protu.fi\/?p=64176"},"modified":"2024-03-26T17:25:45","modified_gmt":"2024-03-26T15:25:45","slug":"direktanmalan-till-resterande-platser-pa-protulagren-oppnar-fredagen-den-12-4","status":"publish","type":"post","link":"https:\/\/www.protu.fi\/sv\/direktanmalan-till-resterande-platser-pa-protulagren-oppnar-fredagen-den-12-4\/","title":{"rendered":"Direktanm\u00e4lan till resterande platser p\u00e5 protul\u00e4gren \u00f6ppnar fredagen den 12.4"},"content":{"rendered":"\n<p>I mars \u00e5terstod \u00f6ver 60 platser obesatta i sommarl\u00e4gren i det efterf\u00f6ljande lotteriet. P\u00e5 grund av det f\u00f6r\u00e4ndrade l\u00e4get st\u00e4nger vi det efterf\u00f6ljande lotteriet och \u00f6ppnar direktanm\u00e4lan till resterande platser. Du kan anm\u00e4la dig till l\u00e4gren \u2013 och \u00e4ven till k\u00f6erna f\u00f6r de fulla l\u00e4gren \u2013 p\u00e5 Protus webbsida fredagen den 12.4 fr\u00e5n kl 11.<\/p>\n\n\n\n<p>Det finns \u00e4ven individuella lediga platser p\u00e5 sommarens svenskspr\u00e5kiga ungdomsl\u00e4ger.&nbsp;<\/p>\n\n\n\n<p>Mer information kan du f\u00e5 fr\u00e5n Protus kansli p\u00e5 <a href=\"mailto:protu@protu.fi\">protu@protu.fi<\/a>.<\/p>\n\n\n\n<p>Information om sommarens ungdomsl\u00e4ger:<\/p>\n\n\n\n<ul class=\"wp-block-list\">\n<li>Det kommer att h\u00e5llas 64 ungdomsl\u00e4ger f\u00f6r 14\u201316-\u00e5ringar, inklusive 50 vanliga finskspr\u00e5kiga l\u00e4ger och 9 finskspr\u00e5kiga temal\u00e4ger, 3 svenskspr\u00e5kiga vanliga l\u00e4ger och 2 engelskspr\u00e5kiga internationella l\u00e4ger. P\u00e5 grund av den stora efterfr\u00e5gan lottas platserna till ungdomsl\u00e4ger ut.<\/li>\n\n\n\n<li>Svenskspr\u00e5kiga ungdomsl\u00e4ger ordnas den 2.\u20139.6. i Halslax (i Sagu) samt den 23.\u201330.6. och den 21.\u201328.7. i Noux (i Esbo): <a href=\"https:\/\/www.protu.fi\/sv\/svensksprakiga-ungdomslager\/\">https:\/\/www.protu.fi\/sv\/svensksprakiga-ungdomslager\/<\/a><\/li>\n\n\n\n<li>F\u00f6r att se alla sommarens ungdomsl\u00e4ger, v\u00e4nligen bes\u00f6k l\u00e4gers\u00f6kningen: <a href=\"https:\/\/www.protu.fi\/sv\/delta-pa-prometheus-lager\/ungdomslager\/\">https:\/\/www.protu.fi\/sv\/delta-pa-prometheus-lager\/ungdomslager\/<\/a><\/li>\n\n\n\n<li>Beskrivningen av varje l\u00e4ger inneh\u00e5ller kontaktuppgifter till l\u00e4gerplatsen, information om toalett- och boendefaciliteter samt tillg\u00e4nglighet.<\/li>\n<\/ul>\n\n\n\n<p>Information om anm\u00e4lningen:<\/p>\n\n\n\n<ul class=\"wp-block-list\">\n<li>F\u00f6r att anm\u00e4la till l\u00e4gret eller k\u00f6n, anv\u00e4nd formul\u00e4ret p\u00e5 Protus webbplats. F\u00f6r att fylla i formul\u00e4ret m\u00e5ste du ha skapat ett anv\u00e4ndarkonto i f\u00f6rv\u00e4g.&nbsp;<\/li>\n\n\n\n<li>Kontot kan skapas av antingen v\u00e5rdnadshavaren eller ungdomen. Anv\u00e4ndarkontot skapas alltid med anv\u00e4ndarens egna uppgifter. Om anv\u00e4ndaren \u00e4r under 18 \u00e5r gammal fr\u00e5gar formul\u00e4ret ocks\u00e5 efter v\u00e5rdnadshavarens kontaktuppgifter, i vilket fall ett anv\u00e4ndarkonto skapas f\u00f6r v\u00e5rdnadshavaren (eller, om v\u00e5rdnadshavarens konto redan finns via den e-post som l\u00e4mnats till v\u00e5rdnadshavaren, kommer en l\u00e4nk att uppr\u00e4ttas mellan ungdomens konto och v\u00e5rdnadshavarens konto). B\u00e5de deltagaren och v\u00e5rdnadshavaren m\u00e5ste ha en egen separat e-postadress som anv\u00e4ndarnamn.<\/li>\n\n\n\n<li>Du kan betala f\u00f6r l\u00e4gret direkt eller v\u00e4lja att betala med faktura. Samtidigt kan du be om rabatt baserad p\u00e5 l\u00e5g inkoms (grundrabatt ellert speciell rabatt).<\/li>\n\n\n\n<li>Den som st\u00e5r i k\u00f6 f\u00e5r plats p\u00e5 l\u00e4gret i fall n\u00e5gon som redan anm\u00e4lt sig till l\u00e4gret avbokar sin anm\u00e4lan.<\/li>\n<\/ul>\n","protected":false},"excerpt":{"rendered":"<p>I mars \u00e5terstod \u00f6ver 60 platser obesatta i sommarl\u00e4gren i det efterf\u00f6ljande lotteriet. P\u00e5 grund av det f\u00f6r\u00e4ndrade l\u00e4get st\u00e4nger vi det efterf\u00f6ljande lotteriet och \u00f6ppnar direktanm\u00e4lan till resterande platser. Du kan anm\u00e4la dig till l\u00e4gren \u2013 och \u00e4ven till k\u00f6erna f\u00f6r de fulla l\u00e4gren \u2013 p\u00e5 Protus webbsida fredagen den 12.4 fr\u00e5n kl 11. [&hellip;]<\/p>\n","protected":false},"author":89,"featured_media":1305,"comment_status":"closed","ping_status":"closed","sticky":false,"template":"","format":"standard","meta":{"_acf_changed":false,"inline_featured_image":false,"footnotes":""},"categories":[409],"tags":[],"class_list":["post-64176","post","type-post","status-publish","format-standard","has-post-thumbnail","hentry","category-nyheter"],"acf":[],"_links":{"self":[{"href":"https:\/\/www.protu.fi\/sv\/wp-json\/wp\/v2\/posts\/64176","targetHints":{"allow":["GET"]}}],"collection":[{"href":"https:\/\/www.protu.fi\/sv\/wp-json\/wp\/v2\/posts"}],"about":[{"href":"https:\/\/www.protu.fi\/sv\/wp-json\/wp\/v2\/types\/post"}],"author":[{"embeddable":true,"href":"https:\/\/www.protu.fi\/sv\/wp-json\/wp\/v2\/users\/89"}],"replies":[{"embeddable":true,"href":"https:\/\/www.protu.fi\/sv\/wp-json\/wp\/v2\/comments?post=64176"}],"version-history":[{"count":1,"href":"https:\/\/www.protu.fi\/sv\/wp-json\/wp\/v2\/posts\/64176\/revisions"}],"predecessor-version":[{"id":64178,"href":"https:\/\/www.protu.fi\/sv\/wp-json\/wp\/v2\/posts\/64176\/revisions\/64178"}],"wp:featuredmedia":[{"embeddable":true,"href":"https:\/\/www.protu.fi\/sv\/wp-json\/wp\/v2\/media\/1305"}],"wp:attachment":[{"href":"https:\/\/www.protu.fi\/sv\/wp-json\/wp\/v2\/media?parent=64176"}],"wp:term":[{"taxonomy":"category","embeddable":true,"href":"https:\/\/www.protu.fi\/sv\/wp-json\/wp\/v2\/categories?post=64176"},{"taxonomy":"post_tag","embeddable":true,"href":"https:\/\/www.protu.fi\/sv\/wp-json\/wp\/v2\/tags?post=64176"}],"curies":[{"name":"wp","href":"https:\/\/api.w.org\/{rel}","templated":true}]}}