{"id":68933,"date":"2024-05-29T11:50:39","date_gmt":"2024-05-29T08:50:39","guid":{"rendered":"https:\/\/www.protu.fi\/?p=68933"},"modified":"2024-06-10T11:53:22","modified_gmt":"2024-06-10T08:53:22","slug":"rekordmanga-deltagare-pa-sommarens-protulager-insamling-startad-for-att-oka-antalet-lager","status":"publish","type":"post","link":"https:\/\/www.protu.fi\/sv\/rekordmanga-deltagare-pa-sommarens-protulager-insamling-startad-for-att-oka-antalet-lager\/","title":{"rendered":"Rekordm\u00e5nga deltagare p\u00e5 sommarens protul\u00e4ger &#8211; insamling startad f\u00f6r att \u00f6ka antalet l\u00e4ger"},"content":{"rendered":"\n<p>I sommar deltar 1 164 deltagare p\u00e5 Prometheus-l\u00e4ger, fler \u00e4n n\u00e5gonsin tidigare i protul\u00e4grens historia. Under flera \u00e5r har efterfr\u00e5gan p\u00e5 protul\u00e4ger varit mycket st\u00f6rre \u00e4n vad de har kunnat organisera.<\/p>\n\n\n\n<p>I somras lyckades man \u00f6ka antalet volont\u00e4rer f\u00f6r att kunna erbjuda n\u00e4stan 200 fler l\u00e4gerplatser \u00e4n f\u00f6rra \u00e5ret. Det tidigare deltagarrekordet f\u00f6r l\u00e4ger sattes 2019, d\u00e5 1 011 deltagare deltog.<\/p>\n\n\n\n<p>Prometheus-l\u00e4grets st\u00f6d, som ansvarar f\u00f6r l\u00e4gren, siktar p\u00e5 en stark tillv\u00e4xt under de kommande \u00e5ren f\u00f6r att kunna erbjuda protul\u00e4gerupplevelsen till allt fler ungdomar. F\u00f6reningen har startat en #ProtuleiriJokaiselle (Protul\u00e4ger f\u00f6r alla) -insamling f\u00f6r sommaren vars m\u00e5l \u00e4r att samla in 10 000 euro f\u00f6r att utbilda frivilliga l\u00e4gerledare.<\/p>\n\n\n\n<p>&#8211; Eftersom vi inte har medel f\u00f6r att betala l\u00e4gerledarnas l\u00f6ner \u00e4r Prometheus-l\u00e4gerverksamhet beroende av antalet frivilliga ledare. Om vi till exempel kan utbilda ytterligare 10 ledarteam genom att erbjuda gratis utbildning inneb\u00e4r det n\u00e4stan 200 fler l\u00e4gerplatser sommaren 2025, s\u00e4ger <strong>Alma Koivisto<\/strong>, ordf\u00f6rande f\u00f6r Prometheus-l\u00e4grets st\u00f6d.<\/p>\n\n\n\n<p>P\u00e5 protul\u00e4ger reflekterar unga m\u00e4nniskor tillsammans \u00f6ver sociala, filosofiska och personliga teman. Veckan kommer att fokusera p\u00e5 fr\u00e5gor som milj\u00f6, identitet och framtid. Oftast deltar man p\u00e5 l\u00e4gret efter 8. eller 9. klassen, men l\u00e4ger erbjuds f\u00f6r \u00e4ven 17\u201321-\u00e5ringar och \u00e4ldre. Till Protus v\u00e4rderingar h\u00f6r gl\u00e4dje, v\u00e4lm\u00e5ende, j\u00e4mlikhet, nyfiket t\u00e4nkande och h\u00e5llbarhet. Som ledare p\u00e5 l\u00e4gren fungerar frivilliga.<\/p>\n\n\n\n<p><em>Sommarens Prometheus-l\u00e4ger startar s\u00f6ndagen den 2.6.2024. Totalt 67 l\u00e4ger kommer att ordnas runt om i Finland mellan juni och augusti. Det ordnas tre stycken svenskspr\u00e5kiga l\u00e4ger: 2.\u20139.6. i Halslax, Sagu, samt 23.\u201330.6. och 21.\u201328.7. i L\u00e4rkans, Esbo (Noux).<\/em><\/p>\n\n\n\n<h4 class=\"wp-block-heading\">DONERA H\u00c4R S\u00c5 HJ\u00c4LPER DU TILL ATT UTVECKLA L\u00c4GERVERKSAMHETEN: <a href=\"https:\/\/lahjoita.protu.fi\" rel=\"nofollow noopener\" target=\"_blank\">https:\/\/lahjoita.protu.fi<\/a>&nbsp;<\/h4>\n\n\n\n<p><strong>Till\u00e4ggsinformation:<\/strong><br>Alma Koivisto<br>ordf\u00f6rande<br>tel. 050 550 6971<br><a href=\"mailto:alma.koivisto@protu.fi\">alma.koivisto@protu.fi<\/a><\/p>\n","protected":false},"excerpt":{"rendered":"<p>I sommar deltar 1 164 deltagare p\u00e5 Prometheus-l\u00e4ger, fler \u00e4n n\u00e5gonsin tidigare i protul\u00e4grens historia. Under flera \u00e5r har efterfr\u00e5gan p\u00e5 protul\u00e4ger varit mycket st\u00f6rre \u00e4n vad de har kunnat organisera. I somras lyckades man \u00f6ka antalet volont\u00e4rer f\u00f6r att kunna erbjuda n\u00e4stan 200 fler l\u00e4gerplatser \u00e4n f\u00f6rra \u00e5ret. Det tidigare deltagarrekordet f\u00f6r l\u00e4ger sattes [&hellip;]<\/p>\n","protected":false},"author":89,"featured_media":68558,"comment_status":"closed","ping_status":"closed","sticky":false,"template":"","format":"standard","meta":{"_acf_changed":false,"inline_featured_image":false,"footnotes":""},"categories":[409],"tags":[],"class_list":["post-68933","post","type-post","status-publish","format-standard","has-post-thumbnail","hentry","category-nyheter"],"acf":[],"_links":{"self":[{"href":"https:\/\/www.protu.fi\/sv\/wp-json\/wp\/v2\/posts\/68933","targetHints":{"allow":["GET"]}}],"collection":[{"href":"https:\/\/www.protu.fi\/sv\/wp-json\/wp\/v2\/posts"}],"about":[{"href":"https:\/\/www.protu.fi\/sv\/wp-json\/wp\/v2\/types\/post"}],"author":[{"embeddable":true,"href":"https:\/\/www.protu.fi\/sv\/wp-json\/wp\/v2\/users\/89"}],"replies":[{"embeddable":true,"href":"https:\/\/www.protu.fi\/sv\/wp-json\/wp\/v2\/comments?post=68933"}],"version-history":[{"count":1,"href":"https:\/\/www.protu.fi\/sv\/wp-json\/wp\/v2\/posts\/68933\/revisions"}],"predecessor-version":[{"id":68934,"href":"https:\/\/www.protu.fi\/sv\/wp-json\/wp\/v2\/posts\/68933\/revisions\/68934"}],"wp:featuredmedia":[{"embeddable":true,"href":"https:\/\/www.protu.fi\/sv\/wp-json\/wp\/v2\/media\/68558"}],"wp:attachment":[{"href":"https:\/\/www.protu.fi\/sv\/wp-json\/wp\/v2\/media?parent=68933"}],"wp:term":[{"taxonomy":"category","embeddable":true,"href":"https:\/\/www.protu.fi\/sv\/wp-json\/wp\/v2\/categories?post=68933"},{"taxonomy":"post_tag","embeddable":true,"href":"https:\/\/www.protu.fi\/sv\/wp-json\/wp\/v2\/tags?post=68933"}],"curies":[{"name":"wp","href":"https:\/\/api.w.org\/{rel}","templated":true}]}}