{"id":78936,"date":"2024-09-24T09:03:29","date_gmt":"2024-09-24T06:03:29","guid":{"rendered":"https:\/\/www.protu.fi\/?p=78936"},"modified":"2024-09-24T09:22:59","modified_gmt":"2024-09-24T06:22:59","slug":"protus-hostmote-i-tusby-2-11-2024","status":"publish","type":"post","link":"https:\/\/www.protu.fi\/sv\/protus-hostmote-i-tusby-2-11-2024\/","title":{"rendered":"Protus h\u00f6stm\u00f6te i Tusby 2.11.2024"},"content":{"rendered":"\n<p>Prometheus-l\u00e4grets st\u00f6d rf:s lagstadgade h\u00f6stm\u00f6te h\u00e5lls under l\u00f6rdagen 2.11.2024 i Tusby i Kes\u00e4rinne l\u00e4gercenter (Turaniementie 27, Rusutj\u00e4rvi). I samband med h\u00f6stm\u00f6tet arrangeras evenemanget Kaamoskarkelot som p\u00e5g\u00e5r hela helgen p\u00e5 samma plats. Det \u00e4r \u00e4ven m\u00f6jligt att delta p\u00e5 m\u00f6tet p\u00e5 distans via Zoom. Vi kommer att skicka en officiell inbjudan till medlemmarna via e-post inom kort.<\/p>\n\n\n\n<p>Vid h\u00f6stm\u00f6tet h\u00e5lls val till styrelsen. Protu s\u00f6ker 3 styrelsemedlemmar f\u00f6r mandatperioden 2025\u20132026. Vem som helst som \u00e4r medlem i Prometheus-l\u00e4grets st\u00f6d rf och har fyllt 15 \u00e5r kan st\u00e4lla upp. Styrelsen har fr\u00e5n och med 2025 en ordf\u00f6rande och 6 styrelsemedlemmar. Styrelsearbetet \u00e4r intensivt och rollen som f\u00f6rtroendevald kr\u00e4ver tid, bekantskap och engagemang fr\u00e5n de som blir valda. Erfarenhet inom Protus verksamhet \u00e4r s\u00e5 klart en f\u00f6rdel i styrelsearbetet, men det \u00e4r inte en f\u00f6ruts\u00e4ttning f\u00f6r att s\u00f6ka med. Vi v\u00e4lkomnar och uppmanar s\u00f6kande fr\u00e5n olika bakgrunder. Du kan st\u00e4lla upp genom att skicka ett e-postmeddelande till vaalit@protu.fi. Kom \u00e4nd\u00e5 g\u00e4rna och r\u00f6sta, \u00e4ven om du inte sj\u00e4lv vill st\u00e4lla upp f\u00f6r val!<\/p>\n","protected":false},"excerpt":{"rendered":"<p>Prometheus-l\u00e4grets st\u00f6d rf:s lagstadgade h\u00f6stm\u00f6te h\u00e5lls under l\u00f6rdagen 2.11.2024 i Tusby i Kes\u00e4rinne l\u00e4gercenter (Turaniementie 27, Rusutj\u00e4rvi). I samband med h\u00f6stm\u00f6tet arrangeras evenemanget Kaamoskarkelot som p\u00e5g\u00e5r hela helgen p\u00e5 samma plats. Det \u00e4r \u00e4ven m\u00f6jligt att delta p\u00e5 m\u00f6tet p\u00e5 distans via Zoom. Vi kommer att skicka en officiell inbjudan till medlemmarna via e-post inom [&hellip;]<\/p>\n","protected":false},"author":89,"featured_media":21574,"comment_status":"closed","ping_status":"closed","sticky":false,"template":"","format":"standard","meta":{"_acf_changed":false,"inline_featured_image":false,"footnotes":""},"categories":[409],"tags":[],"class_list":["post-78936","post","type-post","status-publish","format-standard","has-post-thumbnail","hentry","category-nyheter"],"acf":[],"_links":{"self":[{"href":"https:\/\/www.protu.fi\/sv\/wp-json\/wp\/v2\/posts\/78936","targetHints":{"allow":["GET"]}}],"collection":[{"href":"https:\/\/www.protu.fi\/sv\/wp-json\/wp\/v2\/posts"}],"about":[{"href":"https:\/\/www.protu.fi\/sv\/wp-json\/wp\/v2\/types\/post"}],"author":[{"embeddable":true,"href":"https:\/\/www.protu.fi\/sv\/wp-json\/wp\/v2\/users\/89"}],"replies":[{"embeddable":true,"href":"https:\/\/www.protu.fi\/sv\/wp-json\/wp\/v2\/comments?post=78936"}],"version-history":[{"count":6,"href":"https:\/\/www.protu.fi\/sv\/wp-json\/wp\/v2\/posts\/78936\/revisions"}],"predecessor-version":[{"id":78946,"href":"https:\/\/www.protu.fi\/sv\/wp-json\/wp\/v2\/posts\/78936\/revisions\/78946"}],"wp:featuredmedia":[{"embeddable":true,"href":"https:\/\/www.protu.fi\/sv\/wp-json\/wp\/v2\/media\/21574"}],"wp:attachment":[{"href":"https:\/\/www.protu.fi\/sv\/wp-json\/wp\/v2\/media?parent=78936"}],"wp:term":[{"taxonomy":"category","embeddable":true,"href":"https:\/\/www.protu.fi\/sv\/wp-json\/wp\/v2\/categories?post=78936"},{"taxonomy":"post_tag","embeddable":true,"href":"https:\/\/www.protu.fi\/sv\/wp-json\/wp\/v2\/tags?post=78936"}],"curies":[{"name":"wp","href":"https:\/\/api.w.org\/{rel}","templated":true}]}}