{"id":83269,"date":"2024-12-20T10:29:47","date_gmt":"2024-12-20T08:29:47","guid":{"rendered":"https:\/\/www.protu.fi\/?p=83269"},"modified":"2025-05-06T10:31:40","modified_gmt":"2025-05-06T07:31:40","slug":"anmalan-till-sommarens-svensksprakiga-protulager-2025-oppnar-10-2","status":"publish","type":"post","link":"https:\/\/www.protu.fi\/sv\/anmalan-till-sommarens-svensksprakiga-protulager-2025-oppnar-10-2\/","title":{"rendered":"Anm\u00e4lan till svenskspr\u00e5kiga l\u00e4ger"},"content":{"rendered":"\n<figure class=\"wp-block-table\"><table class=\"has-fixed-layout\"><tbody><tr><td><strong>Anm\u00e4lan till lediga platser:<br><\/strong>Anm\u00e4l dig till l\u00e4gret via <a href=\"#\">ANM\u00c4LA<\/a>-l\u00e4nken.<br>Om l\u00e4gret \u00e4r fullbokat st\u00e5r det <mark style=\"background-color:rgba(0, 0, 0, 0)\" class=\"has-inline-color has-vivid-red-color\">FULL<\/mark>.<br><br>2025-23005 Svenskspr\u00e5kig Halslahti (Sagu) 1.6.-8.6. [6 platser]&nbsp;<a href=\"https:\/\/protu.crmieportal.com\/public\/mass_events\/196132\" target=\"_blank\" rel=\"noreferrer noopener nofollow\">ANM\u00c4LA<\/a><\/td><\/tr><\/tbody><\/table><\/figure>\n\n\n\n<figure class=\"wp-block-table\"><table class=\"has-fixed-layout\"><tbody><tr><td><strong>Anm\u00e4lan till k\u00f6platser:<br><\/strong>Anm\u00e4l dig till l\u00e4gret via <a href=\"#\">ANM\u00c4LA<\/a>-l\u00e4nken.<br>Om l\u00e4gret \u00e4r fullbokat st\u00e5r det <mark style=\"background-color:rgba(0, 0, 0, 0)\" class=\"has-inline-color has-vivid-red-color\">FULL<\/mark>.<br><br>2025-26001 Svenskspr\u00e5kig Nuuksio (Esbo) 22.\u201329.6. L\u00c4GRET OCH K\u00d6N FULL<br>2025-30001 Svenskspr\u00e5kig Nuuksio (Esbo) 20.\u201327.7. L\u00c4GRET OCH K\u00d6N FULL<\/td><\/tr><\/tbody><\/table><\/figure>\n\n\n\n<p>P\u00e5 sommaren anordnas tre svenskspr\u00e5kiga l\u00e4ger: <a href=\"https:\/\/www.protu.fi\/sv\/leiripaikka\/halslahti\/\">Halslax<\/a>&nbsp;(Sagu) 1.\u20138.6, <a href=\"https:\/\/www.protu.fi\/sv\/leiripaikka\/nuuksio\/\">Noux<\/a>&nbsp;(Esbo) 22.\u201329.6 och&nbsp;<a href=\"https:\/\/www.protu.fi\/sv\/leiripaikka\/nuuksio\/\">Noux<\/a>&nbsp;(Esbo) 20.\u201327.7.<\/p>\n\n\n\n<p>Anm\u00e4lan till l\u00e4ger i Noux \u00f6ppnade <strong>onsdagen den 12.2 kl. 10<\/strong> (b\u00e5da l\u00e4gren \u00e4r fulla).<\/p>\n\n\n\n<p>Uppdatering 24.3: vi lyckas anordna det tredje svenskspr\u00e5kiga l\u00e4gret i sommar. Anm\u00e4lan till l\u00e4ger i Halslax (1.\u20138.6) \u00f6ppnar <strong>m\u00e5ndagen den 31.3 kl. 10.<\/strong><\/p>\n\n\n\n<p>Vi \u00f6ppnar k\u00f6erna till alla l\u00e4ger <strong>m\u00e5ndagen den 7.4 kl. 10<\/strong> (observera \u00e4ndringen av det tidigare schemat: \u00f6ppningen av k\u00f6platser har flyttats fram en vecka).<\/p>\n\n\n\n<p><strong>Anm\u00e4lning<\/strong><\/p>\n\n\n\n<p><em>Observera: anm\u00e4lningsformul\u00e4ret och ytterligare informationsformul\u00e4r, samt bekr\u00e4ftelsemailen<\/em>,<em> \u00e4r tyv\u00e4rr bara p\u00e5 finska. Anv\u00e4nd vid behov online\u00f6vers\u00e4ttningsverktyg f\u00f6r att \u00f6vers\u00e4tta fr\u00e5gor till svenska.<\/em><\/p>\n\n\n\n<p>L\u00e4ger anm\u00e4ls direkt. En person kan anm\u00e4la sig till endast ett l\u00e4ger. Platserna fylls i ordning efter anm\u00e4lan.<\/p>\n\n\n\n<p>L\u00e4gerdeltagare under 18 \u00e5r registreras p\u00e5 l\u00e4gret av sin v\u00e5rdnadshavare. P\u00e5 grund av en teknisk begr\u00e4nsning av systemet kan endast en anh\u00f6rig rapporteras med samma e-postadress.<\/p>\n\n\n\n<p>Registrering kr\u00e4ver inte inloggning. Du kan registrera en campare p\u00e5 anm\u00e4lningsformul\u00e4ret. Formul\u00e4ret fr\u00e5gar:<\/p>\n\n\n\n<ul class=\"wp-block-list\">\n<li>Huoltajan etunimi (V\u00e5rdnadshavarens f\u00f6rnamn)<\/li>\n\n\n\n<li>Huoltajan sukunimi (V\u00e5rdnadshavarens efternamn)<\/li>\n\n\n\n<li>Huoltajan s\u00e4hk\u00f6postiosoite (V\u00e5rdnadshavarens e-postadress)<\/li>\n\n\n\n<li>Leiril\u00e4isen etunimi (L\u00e4gerdeltagares f\u00f6rnamn)<\/li>\n\n\n\n<li>Leiril\u00e4isen sukunimi (L\u00e4gerdeltagares efternamn)<\/li>\n<\/ul>\n\n\n\n<p>Anm\u00e4lningsformul\u00e4ret \u00f6ppnas om det f\u00f6r n\u00e4rvarande finns lediga platser p\u00e5 l\u00e4gret. Att fylla i formul\u00e4ret garanterar dock inte att du f\u00e5r en l\u00e4gerplats, eftersom platserna kan vara fullbokade n\u00e4r formul\u00e4ret fylls i. Om detta h\u00e4nder kommer du att f\u00e5 ett meddelande efter att du har skickat in formul\u00e4ret som s\u00e4ger &#8221;Tilaisuus on t\u00e4ynn\u00e4&#8221; (Evenemanget \u00e4r fullt). Men om det fortfarande finns lediga platser p\u00e5 l\u00e4gret, n\u00e4r du skickar in registreringsformul\u00e4ret, kommer du att f\u00e5 ett meddelande som s\u00e4ger &#8221;Tiedot on l\u00e4hetetty ja saat vahvistuksen s\u00e4hk\u00f6postiisi hetken kuluttua&#8221; (Din information har skickats och du kommer att f\u00e5 ett bekr\u00e4ftelsemail inom kort.<\/p>\n\n\n\n<p>N\u00e4r formul\u00e4ret har skickats in blir campingen automatiskt giltig omedelbart. Efter bokning, inom cirka 5 minuter, kommer v\u00e5rdnadshavaren att f\u00e5 en l\u00e4nk till en separat enk\u00e4t i sin e-post, som inneh\u00e5ller all camparens deltagandeinformation, och de har 3 dagar p\u00e5 sig att skicka den.<\/p>\n\n\n\n<p>Det \u00e4r ingen k\u00f6 till l\u00e4gren i inledningsskedet. K\u00f6n till alla l\u00e4ger \u00f6ppnar den 31 mars. Du kan st\u00e4lla dig i k\u00f6n om du inte har anm\u00e4lt dig till n\u00e5gra l\u00e4ger. Om du redan har anm\u00e4lt dig till ett l\u00e4ger m\u00e5ste du f\u00f6rst avboka din l\u00e4gerplats f\u00f6r att kunna anm\u00e4la dig till k\u00f6n.<\/p>\n\n\n\n<p>Du kan inte sj\u00e4lv avboka en l\u00e4ger- eller v\u00e4ntelista. Avbokning g\u00f6rs genom kansliet genom att maila <a href=\"mailto:protu@protu.fi\">protu@protu.fi<\/a>.<\/p>\n\n\n\n<p><strong>Vid anm\u00e4lan till l\u00e4ger har vi en princip att samma person endast kan anm\u00e4las eller st\u00e5 i k\u00f6 till ett l\u00e4ger. <\/strong>Om du redan har anm\u00e4lt dig eller st\u00e5r i k\u00f6 till ett l\u00e4ger m\u00e5ste du f\u00f6rst avboka detta l\u00e4ger eller v\u00e4nteplats innan du anm\u00e4lar dig eller st\u00e5r i k\u00f6 till ett annat l\u00e4ger.<\/p>\n\n\n\n<p>P\u00e5 grund av den snabba fyllningen av l\u00e4ger och h\u00f6g efterfr\u00e5gan kan vi inte erbjuda direkta transfers mellan l\u00e4gren. Om du vill byta l\u00e4ger kan du avboka din l\u00e4gerplats och anm\u00e4la dig till ett annat l\u00e4ger.<\/p>\n\n\n\n<p><strong>L\u00e4geravgift<\/strong><\/p>\n\n\n\n<p>L\u00e4geravgiften betalas med faktura direkt onlinebetalning (med kreditkort eller bank\u00f6verf\u00f6ring) \u00e4r inte m\u00f6jlig. L\u00e4gerfakturor skickas senare via e-post.<\/p>\n\n\n\n<p>L\u00e4geravgiften f\u00f6r svenskspr\u00e5kiga ungdomsl\u00e4ger \u00e4r 429 \u20ac. De som har en ekonomiskt svag st\u00e4llning har r\u00e4tt till rabatt p\u00e5 l\u00e4geravgiften. L\u00e4s mer om betalningar och rabatter h\u00e4r.<\/p>\n","protected":false},"excerpt":{"rendered":"<p>Anm\u00e4lan till lediga platser:Anm\u00e4l dig till l\u00e4gret via ANM\u00c4LA-l\u00e4nken.Om l\u00e4gret \u00e4r fullbokat st\u00e5r det FULL. 2025-23005 Svenskspr\u00e5kig Halslahti (Sagu) 1.6.-8.6. [6 platser]&nbsp;ANM\u00c4LA Anm\u00e4lan till k\u00f6platser:Anm\u00e4l dig till l\u00e4gret via ANM\u00c4LA-l\u00e4nken.Om l\u00e4gret \u00e4r fullbokat st\u00e5r det FULL. 2025-26001 Svenskspr\u00e5kig Nuuksio (Esbo) 22.\u201329.6. L\u00c4GRET OCH K\u00d6N FULL2025-30001 Svenskspr\u00e5kig Nuuksio (Esbo) 20.\u201327.7. L\u00c4GRET OCH K\u00d6N FULL P\u00e5 sommaren [&hellip;]<\/p>\n","protected":false},"author":89,"featured_media":1305,"comment_status":"closed","ping_status":"closed","sticky":false,"template":"","format":"standard","meta":{"_acf_changed":false,"inline_featured_image":false,"footnotes":""},"categories":[409],"tags":[],"class_list":["post-83269","post","type-post","status-publish","format-standard","has-post-thumbnail","hentry","category-nyheter"],"acf":[],"_links":{"self":[{"href":"https:\/\/www.protu.fi\/sv\/wp-json\/wp\/v2\/posts\/83269","targetHints":{"allow":["GET"]}}],"collection":[{"href":"https:\/\/www.protu.fi\/sv\/wp-json\/wp\/v2\/posts"}],"about":[{"href":"https:\/\/www.protu.fi\/sv\/wp-json\/wp\/v2\/types\/post"}],"author":[{"embeddable":true,"href":"https:\/\/www.protu.fi\/sv\/wp-json\/wp\/v2\/users\/89"}],"replies":[{"embeddable":true,"href":"https:\/\/www.protu.fi\/sv\/wp-json\/wp\/v2\/comments?post=83269"}],"version-history":[{"count":37,"href":"https:\/\/www.protu.fi\/sv\/wp-json\/wp\/v2\/posts\/83269\/revisions"}],"predecessor-version":[{"id":84638,"href":"https:\/\/www.protu.fi\/sv\/wp-json\/wp\/v2\/posts\/83269\/revisions\/84638"}],"wp:featuredmedia":[{"embeddable":true,"href":"https:\/\/www.protu.fi\/sv\/wp-json\/wp\/v2\/media\/1305"}],"wp:attachment":[{"href":"https:\/\/www.protu.fi\/sv\/wp-json\/wp\/v2\/media?parent=83269"}],"wp:term":[{"taxonomy":"category","embeddable":true,"href":"https:\/\/www.protu.fi\/sv\/wp-json\/wp\/v2\/categories?post=83269"},{"taxonomy":"post_tag","embeddable":true,"href":"https:\/\/www.protu.fi\/sv\/wp-json\/wp\/v2\/tags?post=83269"}],"curies":[{"name":"wp","href":"https:\/\/api.w.org\/{rel}","templated":true}]}}