{"id":85036,"date":"2025-06-11T12:14:14","date_gmt":"2025-06-11T09:14:14","guid":{"rendered":"https:\/\/www.protu.fi\/?p=85036"},"modified":"2025-06-11T12:16:05","modified_gmt":"2025-06-11T09:16:05","slug":"lagerdeltagare-valkomna-att-fortsatta-protulivet","status":"publish","type":"post","link":"https:\/\/www.protu.fi\/sv\/lagerdeltagare-valkomna-att-fortsatta-protulivet\/","title":{"rendered":"L\u00e4gerdeltagare: v\u00e4lkomna att forts\u00e4tta protulivet"},"content":{"rendered":"\n<p><strong>V\u00e4lkommen till Puistis!<\/strong><\/p>\n\n\n\n<p>Protus park evenemanget Puistis ordnas l\u00f6rdagen den 9.8 i Alpparken i Helsingfors! Mer information kommer snart p\u00e5 Protus kanaler!<\/p>\n\n\n\n<p><strong>F\u00f6lj Protu p\u00e5 sociala medier!<\/strong><\/p>\n\n\n\n<p>H\u00e5ll dig uppdaterad med Protus nyheter genom att f\u00f6lja oss p\u00e5 <a href=\"https:\/\/www.instagram.com\/protuleirit\/\" rel=\"nofollow noopener\" target=\"_blank\">Instagram<\/a> eller <a href=\"https:\/\/mastodon.social\/home\" rel=\"nofollow noopener\" target=\"_blank\">Mastodon<\/a>!<\/p>\n\n\n\n<p><strong>St\u00f6d Protu genom att bli medlem!<\/strong><\/p>\n\n\n\n<p>Prometheus-l\u00e4grets st\u00f6d rf \u00e4r gemenskapen f\u00f6r alla protus och protuintresserade och ryggraden i l\u00e4gret och andra Protu-aktiviteter. Som medlem g\u00f6r du det m\u00f6jligt att anordna unika uppvuxningsl\u00e4ger och om du vill kan du delta i m\u00e5nga andra Protu-evenemang! Som medlem kan du ocks\u00e5 ans\u00f6ka om att bli hj\u00e4lpledare f\u00f6r sommarl\u00e4gren 2026!<\/p>\n\n\n\n<p>Om du har deltagit i ett l\u00e4ger kan du bli personmedlem p\u00e5 detta s\u00e4tt: I slutet av augusti skickar vi ett meddelande till din e-postadress (som du angav p\u00e5 l\u00e4gerarens formul\u00e4r f\u00f6r ytterligare information) med information om medlemskap i Prometheus-l\u00e4gers st\u00f6d rf och en l\u00e4nk till ett s\u00e4rskilt personmedlemsformul\u00e4r specifikt f\u00f6r l\u00e4gerdeltagare. Om du \u00e4r en l\u00e4gerdeltagare och vill bli en personst\u00f6dmedlem, familjemedlem eller familjest\u00f6dmedlem, v\u00e4nligen anv\u00e4nd knappen nedan. Du blir medlem personmedlem genom att fylla i och skicka in medlemsformul\u00e4ret. Protu-kansliet kommer att behandla ditt medlemskap inom ungef\u00e4r en vecka och du kommer att f\u00e5 ett separat bekr\u00e4ftelsemejl till din e-postadress.<\/p>\n\n\n\n<p>Om du \u00e4r en l\u00e4gerdeltagare och vill bli en personst\u00f6dmedlem, familjemedlem eller familjest\u00f6dmedlem kan du bli medlem <a href=\"https:\/\/protu.crmieportal.com\/public\/membership\/new\" rel=\"nofollow noopener\" target=\"_blank\">h\u00e4r<\/a>. L\u00e4s mer om medlemskap <a href=\"https:\/\/www.protu.fi\/sv\/med-i-verksamheten\/bli-medlem-i-protu\/\">h\u00e4r<\/a>.<\/p>\n\n\n\n<p><strong>Information till nya hj\u00e4lpledare <strong>(p\u00e5 finska)<\/strong> 6.9 och 7.9 <\/strong><\/p>\n\n\n\n<p>Att bli hj\u00e4lpledare p\u00e5 n\u00e4sta sommars l\u00e4ger \u00e4r f\u00f6r m\u00e5nga ett f\u00f6rsta steg in i det aktiva livet i Protu. Informationsm\u00f6tena f\u00f6r nya hj\u00e4lpledare ordnas l\u00f6rdagen den 6.9 i Helsingfors och s\u00f6ndagen den 7.9 p\u00e5 distans i Zoom (evenemangen \u00e4r p\u00e5 finska). Mer information om infotillf\u00e4llena kommer inom kort! L\u00e4s mer om hj\u00e4lpledarskap <a href=\"https:\/\/www.protu.fi\/sv\/med-i-verksamheten\/hjalpledare-till-lager\/\">h\u00e4r<\/a>.<\/p>\n\n\n\n<p><strong>Svenskspr\u00e5kig lokalgrupp i huvudstadsregion<\/strong><\/p>\n\n\n\n<p>Svenska lokalprotu \u00e4r svenskspr\u00e5kig protu verksamhet som ordnas live i Protus kontor! F\u00f6r mer information se gruppens <a href=\"https:\/\/www.instagram.com\/svenskalokalprotu\/\" rel=\"nofollow noopener\" target=\"_blank\">Instagram<\/a>!<\/p>\n\n\n\n<p><\/p>\n","protected":false},"excerpt":{"rendered":"<p>V\u00e4lkommen till Puistis! Protus park evenemanget Puistis ordnas l\u00f6rdagen den 9.8 i Alpparken i Helsingfors! Mer information kommer snart p\u00e5 Protus kanaler! F\u00f6lj Protu p\u00e5 sociala medier! H\u00e5ll dig uppdaterad med Protus nyheter genom att f\u00f6lja oss p\u00e5 Instagram eller Mastodon! St\u00f6d Protu genom att bli medlem! Prometheus-l\u00e4grets st\u00f6d rf \u00e4r gemenskapen f\u00f6r alla protus [&hellip;]<\/p>\n","protected":false},"author":89,"featured_media":80775,"comment_status":"closed","ping_status":"closed","sticky":false,"template":"","format":"standard","meta":{"_acf_changed":false,"inline_featured_image":false,"footnotes":""},"categories":[409],"tags":[],"class_list":["post-85036","post","type-post","status-publish","format-standard","has-post-thumbnail","hentry","category-nyheter"],"acf":[],"_links":{"self":[{"href":"https:\/\/www.protu.fi\/sv\/wp-json\/wp\/v2\/posts\/85036","targetHints":{"allow":["GET"]}}],"collection":[{"href":"https:\/\/www.protu.fi\/sv\/wp-json\/wp\/v2\/posts"}],"about":[{"href":"https:\/\/www.protu.fi\/sv\/wp-json\/wp\/v2\/types\/post"}],"author":[{"embeddable":true,"href":"https:\/\/www.protu.fi\/sv\/wp-json\/wp\/v2\/users\/89"}],"replies":[{"embeddable":true,"href":"https:\/\/www.protu.fi\/sv\/wp-json\/wp\/v2\/comments?post=85036"}],"version-history":[{"count":4,"href":"https:\/\/www.protu.fi\/sv\/wp-json\/wp\/v2\/posts\/85036\/revisions"}],"predecessor-version":[{"id":85040,"href":"https:\/\/www.protu.fi\/sv\/wp-json\/wp\/v2\/posts\/85036\/revisions\/85040"}],"wp:featuredmedia":[{"embeddable":true,"href":"https:\/\/www.protu.fi\/sv\/wp-json\/wp\/v2\/media\/80775"}],"wp:attachment":[{"href":"https:\/\/www.protu.fi\/sv\/wp-json\/wp\/v2\/media?parent=85036"}],"wp:term":[{"taxonomy":"category","embeddable":true,"href":"https:\/\/www.protu.fi\/sv\/wp-json\/wp\/v2\/categories?post=85036"},{"taxonomy":"post_tag","embeddable":true,"href":"https:\/\/www.protu.fi\/sv\/wp-json\/wp\/v2\/tags?post=85036"}],"curies":[{"name":"wp","href":"https:\/\/api.w.org\/{rel}","templated":true}]}}