{"id":85991,"date":"2025-11-05T12:23:55","date_gmt":"2025-11-05T10:23:55","guid":{"rendered":"https:\/\/www.protu.fi\/?p=85991"},"modified":"2025-11-05T12:23:57","modified_gmt":"2025-11-05T10:23:57","slug":"svensksprakig-teamare-sok-till-att-bli-protuutbildare","status":"publish","type":"post","link":"https:\/\/www.protu.fi\/sv\/svensksprakig-teamare-sok-till-att-bli-protuutbildare\/","title":{"rendered":"Svenskspr\u00e5kig teamare, s\u00f6k till att bli protuutbildare!"},"content":{"rendered":"\n<p>Som utbildare f\u00e5r du uppleva Protus utbildningar ur ett helt nytt perspektiv! Varje \u00e5r utbildar vi cirka 80 frivilliga utbildare under utbildningsperioden som p\u00e5g\u00e5r fr\u00e5n oktober till slutet av maj. Utbildarna g\u00f6r det m\u00f6jligt f\u00f6r sommarens teammedlemmar att f\u00e5 viktiga f\u00e4rdigheter f\u00f6r en lyckad l\u00e4gersommar. Att vara utbildare utvecklar dina f\u00e4rdigheter i planering och programledning \u2013 kunskaper som \u00e4r till nytta b\u00e5de p\u00e5 protul\u00e4ger och i vardagen. Man kan bli utbildare om man \u00e4r medlem i Protu och har varit med i ett l\u00e4gerteam minst en g\u00e5ng som hj\u00e4lpledare eller ledare.<\/p>\n\n\n\n<p>Om du \u00e4r intresserad av att bli utbildare, delta i den veckoslutsl\u00e5nga utbildarutbildningen i Porkkalanniemi den 22.\u201323.11 Du kan delta i denna utbildning ocks\u00e5 p\u00e5 svenska. Under utbildarutbildningen l\u00e4r du dig allt om att vara en utbildare och f\u00e5r njuta av protust\u00e4mningen.<\/p>\n\n\n\n<p>Anm\u00e4l dig till utbildarutbildningen via Protuportalen: <a href=\"https:\/\/protu.crmieportal.com\/mass_events\/210688\" rel=\"nofollow noopener\" target=\"_blank\">https:\/\/protu.crmieportal.com\/mass_events\/210688<\/a><\/p>\n\n\n\n<p><\/p>\n","protected":false},"excerpt":{"rendered":"<p>Som utbildare f\u00e5r du uppleva Protus utbildningar ur ett helt nytt perspektiv! Varje \u00e5r utbildar vi cirka 80 frivilliga utbildare under utbildningsperioden som p\u00e5g\u00e5r fr\u00e5n oktober till slutet av maj. Utbildarna g\u00f6r det m\u00f6jligt f\u00f6r sommarens teammedlemmar att f\u00e5 viktiga f\u00e4rdigheter f\u00f6r en lyckad l\u00e4gersommar. Att vara utbildare utvecklar dina f\u00e4rdigheter i planering och programledning [&hellip;]<\/p>\n","protected":false},"author":89,"featured_media":85680,"comment_status":"closed","ping_status":"closed","sticky":false,"template":"","format":"standard","meta":{"_acf_changed":false,"inline_featured_image":false,"footnotes":""},"categories":[409],"tags":[],"class_list":["post-85991","post","type-post","status-publish","format-standard","has-post-thumbnail","hentry","category-nyheter"],"acf":[],"_links":{"self":[{"href":"https:\/\/www.protu.fi\/sv\/wp-json\/wp\/v2\/posts\/85991","targetHints":{"allow":["GET"]}}],"collection":[{"href":"https:\/\/www.protu.fi\/sv\/wp-json\/wp\/v2\/posts"}],"about":[{"href":"https:\/\/www.protu.fi\/sv\/wp-json\/wp\/v2\/types\/post"}],"author":[{"embeddable":true,"href":"https:\/\/www.protu.fi\/sv\/wp-json\/wp\/v2\/users\/89"}],"replies":[{"embeddable":true,"href":"https:\/\/www.protu.fi\/sv\/wp-json\/wp\/v2\/comments?post=85991"}],"version-history":[{"count":1,"href":"https:\/\/www.protu.fi\/sv\/wp-json\/wp\/v2\/posts\/85991\/revisions"}],"predecessor-version":[{"id":85996,"href":"https:\/\/www.protu.fi\/sv\/wp-json\/wp\/v2\/posts\/85991\/revisions\/85996"}],"wp:featuredmedia":[{"embeddable":true,"href":"https:\/\/www.protu.fi\/sv\/wp-json\/wp\/v2\/media\/85680"}],"wp:attachment":[{"href":"https:\/\/www.protu.fi\/sv\/wp-json\/wp\/v2\/media?parent=85991"}],"wp:term":[{"taxonomy":"category","embeddable":true,"href":"https:\/\/www.protu.fi\/sv\/wp-json\/wp\/v2\/categories?post=85991"},{"taxonomy":"post_tag","embeddable":true,"href":"https:\/\/www.protu.fi\/sv\/wp-json\/wp\/v2\/tags?post=85991"}],"curies":[{"name":"wp","href":"https:\/\/api.w.org\/{rel}","templated":true}]}}