{"id":86537,"date":"2025-12-12T15:02:24","date_gmt":"2025-12-12T13:02:24","guid":{"rendered":"https:\/\/www.protu.fi\/?p=86537"},"modified":"2026-02-09T15:56:25","modified_gmt":"2026-02-09T13:56:25","slug":"anmalningen-till-sommarens-protulager-2026-oppnas-11-2-2026-kl-10","status":"publish","type":"post","link":"https:\/\/www.protu.fi\/sv\/anmalningen-till-sommarens-protulager-2026-oppnas-11-2-2026-kl-10\/","title":{"rendered":"Anm\u00e4lningen till sommarens protul\u00e4ger 2026 \u00f6ppnas 11.2.2026 kl. 10"},"content":{"rendered":"\n<p>Anm\u00e4lningen till sommarens protul\u00e4ger 2026 \u00f6ppnas onsdagen 11.2.2026 kl. 10. Det ordnas totalt 64 l\u00e4ger runt om i Finland, med sammanlagt cirka 1 150 platser f\u00f6r deltagare. Tre av l\u00e4gren \u00e4r svenskspr\u00e5kiga. Anm\u00e4lningen g\u00f6rs direkt via formul\u00e4ret, och platserna fylls i den ordning anm\u00e4lningarna kommer in.<\/p>\n\n\n\n<p><strong>Tids- och platsuppgifter f\u00f6r de svenskspr\u00e5kiga ungdomsl\u00e4gren samt anm\u00e4lningsl\u00e4nkar finns&nbsp;<a href=\"https:\/\/www.protu.fi\/sv\/delta-pa-prometheus-lager\/ungdomslager\/\" target=\"_blank\" rel=\"noreferrer noopener\">h\u00e4r<\/a>.<\/strong><\/p>\n\n\n\n<p>V\u00e4nligen bekanta dig med\u00a0<a href=\"https:\/\/www.protu.fi\/sv\/delta-pa-prometheus-lager\/anvisningar-for-anmalan-och-avgift\/\" target=\"_blank\" rel=\"noreferrer noopener\">anm\u00e4lningsanvisningarna<\/a>\u00a0samt\u00a0<a href=\"https:\/\/www.protu.fi\/sv\/delta-pa-prometheus-lager\/lagerregler-och-praktiska-saker\/\" target=\"_blank\" rel=\"noreferrer noopener\">regler och praktiska saker<\/a>\u00a0i god tid f\u00f6re anm\u00e4lan.<\/p>\n\n\n\n<p>Har du fr\u00e5gor om anm\u00e4lningen? Ta kontakt med Protus kansli: <a href=\"mailto:protu@protu.fi\">protu@protu.fi<\/a><\/p>\n\n\n\n<p><\/p>\n","protected":false},"excerpt":{"rendered":"<p>Anm\u00e4lningen till sommarens protul\u00e4ger 2026 \u00f6ppnas onsdagen 11.2.2026 kl. 10. Det ordnas totalt 64 l\u00e4ger runt om i Finland, med sammanlagt cirka 1 150 platser f\u00f6r deltagare. Tre av l\u00e4gren \u00e4r svenskspr\u00e5kiga. Anm\u00e4lningen g\u00f6rs direkt via formul\u00e4ret, och platserna fylls i den ordning anm\u00e4lningarna kommer in. Tids- och platsuppgifter f\u00f6r de svenskspr\u00e5kiga ungdomsl\u00e4gren samt anm\u00e4lningsl\u00e4nkar [&hellip;]<\/p>\n","protected":false},"author":89,"featured_media":1305,"comment_status":"closed","ping_status":"closed","sticky":false,"template":"","format":"standard","meta":{"_acf_changed":false,"inline_featured_image":false,"footnotes":""},"categories":[409],"tags":[],"class_list":["post-86537","post","type-post","status-publish","format-standard","has-post-thumbnail","hentry","category-nyheter"],"acf":[],"_links":{"self":[{"href":"https:\/\/www.protu.fi\/sv\/wp-json\/wp\/v2\/posts\/86537","targetHints":{"allow":["GET"]}}],"collection":[{"href":"https:\/\/www.protu.fi\/sv\/wp-json\/wp\/v2\/posts"}],"about":[{"href":"https:\/\/www.protu.fi\/sv\/wp-json\/wp\/v2\/types\/post"}],"author":[{"embeddable":true,"href":"https:\/\/www.protu.fi\/sv\/wp-json\/wp\/v2\/users\/89"}],"replies":[{"embeddable":true,"href":"https:\/\/www.protu.fi\/sv\/wp-json\/wp\/v2\/comments?post=86537"}],"version-history":[{"count":9,"href":"https:\/\/www.protu.fi\/sv\/wp-json\/wp\/v2\/posts\/86537\/revisions"}],"predecessor-version":[{"id":86856,"href":"https:\/\/www.protu.fi\/sv\/wp-json\/wp\/v2\/posts\/86537\/revisions\/86856"}],"wp:featuredmedia":[{"embeddable":true,"href":"https:\/\/www.protu.fi\/sv\/wp-json\/wp\/v2\/media\/1305"}],"wp:attachment":[{"href":"https:\/\/www.protu.fi\/sv\/wp-json\/wp\/v2\/media?parent=86537"}],"wp:term":[{"taxonomy":"category","embeddable":true,"href":"https:\/\/www.protu.fi\/sv\/wp-json\/wp\/v2\/categories?post=86537"},{"taxonomy":"post_tag","embeddable":true,"href":"https:\/\/www.protu.fi\/sv\/wp-json\/wp\/v2\/tags?post=86537"}],"curies":[{"name":"wp","href":"https:\/\/api.w.org\/{rel}","templated":true}]}}